{"id":1554,"date":"2026-04-30T11:13:30","date_gmt":"2026-04-30T11:13:30","guid":{"rendered":"https:\/\/www.hexfire.eu\/ideme-na-fire-protech-summit-2026-v-debrecine\/"},"modified":"2026-04-30T11:25:38","modified_gmt":"2026-04-30T11:25:38","slug":"ideme-na-fire-protech-summit-2026-v-debrecine","status":"publish","type":"post","link":"https:\/\/www.hexfire.eu\/sk\/ideme-na-fire-protech-summit-2026-v-debrecine\/","title":{"rendered":"Ideme na Fire ProTech Summit 2026 v Debrec\u00edne!"},"content":{"rendered":"<div class=\"flex-1 flex flex-col px-4 max-w-3xl mx-auto w-full pt-1\">\n<div data-test-render-count=\"1\">\n<div class=\"group\">\n<div class=\"group relative relative pb-3\" data-is-streaming=\"false\">\n<div class=\"font-claude-response relative leading-[1.65rem] [&amp;_pre&gt;div]:bg-bg-000\/50 [&amp;_pre&gt;div]:border-0.5 [&amp;_pre&gt;div]:border-border-400 [&amp;_.ignore-pre-bg&gt;div]:bg-transparent [&amp;_.standard-markdown_:is(p,blockquote,h1,h2,h3,h4,h5,h6)]:pl-2 [&amp;_.standard-markdown_:is(p,blockquote,ul,ol,h1,h2,h3,h4,h5,h6)]:pr-8 [&amp;_.progressive-markdown_:is(p,blockquote,h1,h2,h3,h4,h5,h6)]:pl-2 [&amp;_.progressive-markdown_:is(p,blockquote,ul,ol,h1,h2,h3,h4,h5,h6)]:pr-8\">\n<div class=\"standard-markdown grid-cols-1 grid [&amp;_&gt;_*]:min-w-0 gap-3 standard-markdown\"><\/div>\n<\/div>\n<\/div>\n<\/div>\n<\/div>\n<\/div>\n<div class=\"sticky bottom-0 mx-auto w-full pt-6 z-[5]\" data-chat-input-container=\"true\">\n<fieldset class=\"flex w-full min-w-0 flex-col\">\n<div class=\"relative\">\n<div class=\"!box-content flex flex-col bg-bg-000 mx-2 md:mx-0 items-stretch transition-all duration-200 relative z-10 rounded-[20px] cursor-text relative z-[1] border border-transparent md:w-full shadow-[0_0.25rem_1.25rem_hsl(var(--always-black)\/3.5%),0_0_0_0.5px_hsla(var(--border-300)\/0.15)] hover:shadow-[0_0.25rem_1.25rem_hsl(var(--always-black)\/3.5%),0_0_0_0.5px_hsla(var(--border-200)\/0.3)] focus-within:shadow-[0_0.25rem_1.25rem_hsl(var(--always-black)\/7.5%),0_0_0_0.5px_hsla(var(--border-200)\/0.3)] hover:focus-within:shadow-[0_0.25rem_1.25rem_hsl(var(--always-black)\/7.5%),0_0_0_0.5px_hsla(var(--border-200)\/0.3)]\">\n<p class=\"font-claude-response-body break-words whitespace-normal leading-[1.7]\">\n<hr class=\"border-border-200 border-t-0.5 my-3 mx-1.5\">\n<p class=\"font-claude-response-body break-words whitespace-normal leading-[1.7]\"><img loading=\"lazy\" decoding=\"async\" class=\"alignnone size-medium wp-image-1548\" src=\"https:\/\/www.hexfire.eu\/wp-content\/uploads\/2026\/04\/Fire-Protech-summit-logo-300x90.png\" alt=\"\" width=\"300\" height=\"90\"><\/p>\n<p class=\"font-claude-response-body break-words whitespace-normal leading-[1.7]\">S rados\u0165ou v\u00e1m oznamujeme, \u017ee sa z\u00fa\u010dastn\u00edme <strong><a class=\"underline underline underline-offset-2 decoration-1 decoration-current\/40 hover:decoration-current focus:decoration-current\" href=\"https:\/\/fireprotechsummit.com\/en\/\">Fire ProTech Summit 2026<\/a><\/strong> &#8211; prv\u00e9ho ma\u010farsk\u00e9ho samitu zameran\u00e9ho na inov\u00e1cie v oblasti po\u017eiarnej ochrany, ktor\u00fd sa uskuto\u010dn\u00ed <strong>7. &#8211; 8. m\u00e1ja 2026<\/strong> vo <strong>v\u00fdcvikovom centre DETKA ARFF v Debrec\u00edne v Ma\u010farsku<\/strong>.<\/p>\n<hr class=\"border-border-200 border-t-0.5 my-3 mx-1.5\">\n<p class=\"font-claude-response-body break-words whitespace-normal leading-[1.7]\"><strong>\ud83d\udd25 \u017div\u00e1 uk\u00e1\u017eka: ICAO B 3%<\/strong><\/p>\n<p class=\"font-claude-response-body break-words whitespace-normal leading-[1.7]\">Na mieste budeme prezentova\u0165 n\u00e1\u0161 penov\u00fd koncentr\u00e1t <strong>Airfoam ICAO B 3 %<\/strong> bez flu\u00f3ru so \u017eivou uk\u00e1\u017ekou. Presved\u010dte sa sami, ako funguje pri po\u017eiaroch paliva triedy B pod\u013ea noriem ICAO &#8211; \u017eiadne PFAS, \u017eiadne kompromisy. <\/p>\n<hr class=\"border-border-200 border-t-0.5 my-3 mx-1.5\">\n<p class=\"font-claude-response-body break-words whitespace-normal leading-[1.7]\"><strong>\ud83c\udfa4 Aj na javisku<\/strong><\/p>\n<p class=\"font-claude-response-body break-words whitespace-normal leading-[1.7]\">Vyst\u00fapime aj s prezent\u00e1ciou, v ktorej sa podel\u00edme o na\u0161e sk\u00fasenosti a postrehy t\u00fdkaj\u00face sa hasiacich l\u00e1tok bez flu\u00f3ru a cesty, ktor\u00fa m\u00e1 toto odvetvie pred sebou.<\/p>\n<hr class=\"border-border-200 border-t-0.5 my-3 mx-1.5\">\n<p class=\"font-claude-response-body break-words whitespace-normal leading-[1.7]\"><strong>\ud83d\udcac N\u00e1jdite n\u00e1s a porozpr\u00e1vajme sa o FFF<\/strong><\/p>\n<p class=\"font-claude-response-body break-words whitespace-normal leading-[1.7]\">\u017diadny st\u00e1nok, \u017eiadne bari\u00e9ry &#8211; po\u010das cel\u00e9ho podujatia sa budeme vo\u013ene pohybova\u0165 a skuto\u010dne radi sa porozpr\u00e1vame. Ak uva\u017eujete o prechode z penov\u00fdch v\u00fdrobkov na b\u00e1ze PFAS na alternat\u00edvy bez flu\u00f3ru alebo ste u\u017e v procese, pr\u00ed\u010fte n\u00e1s n\u00e1js\u0165. \u010ci u\u017e ide o r\u00fdchlu ot\u00e1zku alebo hlb\u0161\u00ed technick\u00fd rozhovor, sme tu pre v\u00e1s.  <\/p>\n<hr class=\"border-border-200 border-t-0.5 my-3 mx-1.5\">\n<p class=\"font-claude-response-body break-words whitespace-normal leading-[1.7]\"><strong>\ud83d\udcc5 Kedy:<\/strong> 7. &#8211; 8. m\u00e1ja 2026 <strong>\ud83d\udccd Kde:<\/strong> <strong>Viac inform\u00e1ci\u00ed:<\/strong> <a class=\"underline underline underline-offset-2 decoration-1 decoration-current\/40 hover:decoration-current focus:decoration-current\" href=\"https:\/\/fireprotechsummit.com\/en\/\">Fireprotechsummit.com<\/a><\/p>\n<p class=\"font-claude-response-body break-words whitespace-normal leading-[1.7]\">Uvid\u00edme sa tam!<\/p>\n<p class=\"font-claude-response-body break-words whitespace-normal leading-[1.7]\">#FireProtechSummit #FFF #FluorineFree #AirfoamICAOB #FireSafety #ARFF<\/p>\n<\/div>\n<\/div>\n<\/fieldset>\n<\/div>\n","protected":false},"excerpt":{"rendered":"<p>S rados\u0165ou v\u00e1m oznamujeme, \u017ee sa z\u00fa\u010dastn\u00edme Fire ProTech Summit 2026 &#8211; prv\u00e9ho ma\u010farsk\u00e9ho samitu zameran\u00e9ho na inov\u00e1cie v oblasti po\u017eiarnej ochrany, ktor\u00fd sa uskuto\u010dn\u00ed 7. &#8211; 8. m\u00e1ja 2026 vo v\u00fdcvikovom centre DETKA ARFF v Debrec\u00edne v Ma\u010farsku. \ud83d\udd25 \u017div\u00e1 uk\u00e1\u017eka: ICAO B 3% Na mieste budeme prezentova\u0165 n\u00e1\u0161 penov\u00fd koncentr\u00e1t Airfoam ICAO B [&hellip;]<\/p>\n","protected":false},"author":2,"featured_media":0,"comment_status":"open","ping_status":"open","sticky":false,"template":"","format":"standard","meta":{"_et_pb_use_builder":"","_et_pb_old_content":"","_et_gb_content_width":"","footnotes":""},"categories":[23],"tags":[],"class_list":["post-1554","post","type-post","status-publish","format-standard","hentry","category-novinky"],"_links":{"self":[{"href":"https:\/\/www.hexfire.eu\/sk\/wp-json\/wp\/v2\/posts\/1554","targetHints":{"allow":["GET"]}}],"collection":[{"href":"https:\/\/www.hexfire.eu\/sk\/wp-json\/wp\/v2\/posts"}],"about":[{"href":"https:\/\/www.hexfire.eu\/sk\/wp-json\/wp\/v2\/types\/post"}],"author":[{"embeddable":true,"href":"https:\/\/www.hexfire.eu\/sk\/wp-json\/wp\/v2\/users\/2"}],"replies":[{"embeddable":true,"href":"https:\/\/www.hexfire.eu\/sk\/wp-json\/wp\/v2\/comments?post=1554"}],"version-history":[{"count":1,"href":"https:\/\/www.hexfire.eu\/sk\/wp-json\/wp\/v2\/posts\/1554\/revisions"}],"predecessor-version":[{"id":1555,"href":"https:\/\/www.hexfire.eu\/sk\/wp-json\/wp\/v2\/posts\/1554\/revisions\/1555"}],"wp:attachment":[{"href":"https:\/\/www.hexfire.eu\/sk\/wp-json\/wp\/v2\/media?parent=1554"}],"wp:term":[{"taxonomy":"category","embeddable":true,"href":"https:\/\/www.hexfire.eu\/sk\/wp-json\/wp\/v2\/categories?post=1554"},{"taxonomy":"post_tag","embeddable":true,"href":"https:\/\/www.hexfire.eu\/sk\/wp-json\/wp\/v2\/tags?post=1554"}],"curies":[{"name":"wp","href":"https:\/\/api.w.org\/{rel}","templated":true}]}}